{"id":161,"date":"2021-05-11T19:14:59","date_gmt":"2021-05-11T19:14:59","guid":{"rendered":"https:\/\/www.dickinsonconsulting.hu\/?p=161"},"modified":"2021-06-17T10:11:54","modified_gmt":"2021-06-17T10:11:54","slug":"","status":"publish","type":"post","link":"https:\/\/www.dickinsonconsulting.hu\/en\/2021\/05\/11\/hello-there\/","title":{"rendered":"","raw":""},"content":{"rendered":"\n<p class=\"wp-block-paragraph\">My true interest takes me beyond marketing communication: I also seek to understand the characteristics of our complex society. I like to examine how changes affect its interrelationships, and how we interpret reality.<\/p>\n\n\n\n<p class=\"wp-block-paragraph\">I have an interest in psychology: I am curious about what drives the different human points of view, people&#8217;s aspirations, their idea of belonging, their lifestyles, their values, ultimately their inner workings.<\/p>\n\n\n\n<p class=\"wp-block-paragraph\">That these things feed into branding is only my luck. These are also the topics is that I will cover in my blog post.<\/p>\n","protected":false,"raw":"<!-- wp:paragraph -->\n<p>My true interest takes me beyond marketing communication: I also seek to understand the characteristics of our complex society. I like to examine how changes affect its interrelationships, and how we interpret reality.<\/p>\n<!-- \/wp:paragraph -->\n\n<!-- wp:paragraph -->\n<p>I have an interest in psychology: I am curious about what drives the different human points of view, people's aspirations, their idea of belonging, their lifestyles, their values, ultimately their inner workings.<\/p>\n<!-- \/wp:paragraph -->\n\n<!-- wp:paragraph -->\n<p>That these things feed into branding is only my luck. These are also the topics is that I will cover in my blog post.<\/p>\n<!-- \/wp:paragraph -->"},"excerpt":{"rendered":"","protected":false,"raw":""},"author":1,"featured_media":418,"comment_status":"closed","ping_status":"closed","sticky":false,"template":"","format":"standard","meta":{"_monsterinsights_skip_tracking":false,"_hu_post_content":"<!-- wp:paragraph -->\n<p>Sokan gondolj\u00e1k, hogy semmit sem tehetnek a vil\u00e1g&nbsp;nagy probl\u00e9m\u00e1inak megold\u00e1s\u00e1\u00e9rt, pedig ez nem \u00edgy van.&nbsp;<br>S\u0151t, ellenkez\u0151leg: mindennapi v\u00e1laszt\u00e1saink nagyban befoly\u00e1solj\u00e1k a vil\u00e1gra gyakorolt hat\u00e1sunkat!<\/p>\n<!-- \/wp:paragraph -->\n\n<!-- wp:paragraph -->\n<p>\u00cdme nyolc dolog, amit mindannyian megtehetn\u00e9nk az\u00e9rt, hogy jobb\u00e1 tegy\u00fck a vil\u00e1got!<\/p>\n<!-- \/wp:paragraph -->\n\n<!-- wp:paragraph -->\n<p><strong>1. Egy\u00e9l t\u00f6bb z\u00f6lds\u00e9get!<\/strong><\/p>\n<!-- \/wp:paragraph -->\n\n<!-- wp:paragraph -->\n<p>Nem felt\u00e9tlen\u00fcl kell \u00e1tt\u00e9rned veget\u00e1ri\u00e1nus \u00e9trendre, de sokat seg\u00edt a regenerat\u00edv mez\u0151gazdas\u00e1gnak, ha kevesebb h\u00fast eszel. Igen, te is. Meg persze \u00e9n is.&nbsp;<\/p>\n<!-- \/wp:paragraph -->\n\n<!-- wp:image {\"id\":418,\"sizeSlug\":\"large\",\"linkDestination\":\"none\"} -->\n<figure class=\"wp-block-image size-large\"><img src=\"https:\/\/www.dickinsonconsulting.hu\/wp-content\/uploads\/2021\/05\/woody5-1024x576.jpeg\" alt=\"\" class=\"wp-image-418\"\/><\/figure>\n<!-- \/wp:image -->\n\n<!-- wp:paragraph -->\n<p><strong>2. Mentsd meg a vizet \u00e9s az \u00e9lelmiszereket!<\/strong><\/p>\n<!-- \/wp:paragraph -->\n\n<!-- wp:paragraph -->\n<p>Kezdd el megtervezni a bev\u00e1s\u00e1rl\u00e1st \u00e9s a f\u0151z\u00e9st, \u00e9s csak azt vedd meg, ami t\u00e9nyleg kell. Az \u00e9lelmiszerekkel kapcsolatos tervez\u00e9s nem csak divat.&nbsp; Ne dobj ki \u00e9telt,&nbsp;vagy legal\u00e1bbis min\u00e9l kevesebbet. Mosogass sp\u00f3rol\u00f3san, haszn\u00e1lj es\u0151vizet, ahol tudsz, vegy\u00e9l v\u00edztakar\u00e9kos mos\u00f3g\u00e9pet, \u00e9s ha t\u00edzmilli\u00f3 ember csapja cs\u00f6p\u00f6g, m\u00e1r az is el\u00e9g nagy pazarl\u00e1s. Sp\u00f3rolj vele, mert egyre dr\u00e1g\u00e1bb lesz v\u00edzhez jutni.&nbsp;<\/p>\n<!-- \/wp:paragraph -->\n\n<!-- wp:paragraph -->\n<p><strong>3. \u00c9p\u00edts ellen\u00e1ll\u00f3 k\u00f6z\u00f6ss\u00e9get!<\/strong><\/p>\n<!-- \/wp:paragraph -->\n\n<!-- wp:paragraph -->\n<p>T\u00e1mogass minden olyan kezdem\u00e9nyez\u00e9st, mely t\u00e1mogatja a n\u0151ket \u00e9s l\u00e1nyokat. Az oktat\u00e1s, a felvil\u00e1gos\u00edt\u00e1s \u00e9s a p\u00e9nz\u00fcgyi eduk\u00e1ci\u00f3 legyen az els\u0151 helyen!&nbsp;<\/p>\n<!-- \/wp:paragraph -->\n\n<!-- wp:paragraph -->\n<p><strong>4. Takar\u00e9koskodj az energi\u00e1val!<\/strong><\/p>\n<!-- \/wp:paragraph -->\n\n<!-- wp:paragraph -->\n<p>Keresd az A+++ besorol\u00e1st \u00e9s tanuld meg az energiatakar\u00e9koss\u00e1gi ABC-t. Mit is jelent az A+AA?<\/p>\n<!-- \/wp:paragraph -->\n\n<!-- wp:paragraph -->\n<p>Emellett utazz t\u00f6megk\u00f6zleked\u00e9ssel \u00e9s ha teheted, biciklizz. Rep\u00fclj kevesebbet, m\u00e9g akkor is, ha mindez nem is olyan k\u00f6nny\u0171.<\/p>\n<!-- \/wp:paragraph -->\n\n<!-- wp:paragraph -->\n<p><strong>5. V\u00e1llalj szerepet a k\u00f6rforg\u00e1sos gazdas\u00e1gban!<\/strong><\/p>\n<!-- \/wp:paragraph -->\n\n<!-- wp:paragraph -->\n<p>V\u00e1s\u00e1rolj magas min\u0151s\u00e9g\u0171 \u00e9s tart\u00f3s dolgokat! Ha valami elromlik, jav\u00edttasd meg! Osztozz dolgokon! Recycle, Upcycle.&nbsp;<\/p>\n<!-- \/wp:paragraph -->\n\n<!-- wp:paragraph -->\n<p>Vedd figyelembe a k\u00f6rnyezetv\u00e9delmi szabv\u00e1nyokat otthoni \u00e9s c\u00e9ges k\u00f6rnyezetedben is.&nbsp;<\/p>\n<!-- \/wp:paragraph -->\n\n<!-- wp:paragraph -->\n<p><strong>6. Viselkedj&nbsp;k\u00fcldet\u00e9svez\u00e9relten!<\/strong><\/p>\n<!-- \/wp:paragraph -->\n\n<!-- wp:paragraph -->\n<p>V\u00e1s\u00e1rolj fair trade term\u00e9keket \u00e9s olyan m\u00e1rk\u00e1kat, amelyek sz\u00e1m\u00e1ra a profit mellett a t\u00e1rsadalmi szerepv\u00e1llal\u00e1s is fontos.<\/p>\n<!-- \/wp:paragraph -->\n\n<!-- wp:paragraph -->\n<p><strong>7. V\u00e1s\u00e1rolj tart\u00f3sat, de nem \u00e9lelmiszerb\u0151l!<\/strong><\/p>\n<!-- \/wp:paragraph -->\n\n<!-- wp:paragraph -->\n<p>V\u00e1s\u00e1rolj sokkal kevesebb, de sokkal jobb min\u0151s\u00e9g\u0171 dolgot!<\/p>\n<!-- \/wp:paragraph -->\n\n<!-- wp:paragraph -->\n<p>8. <strong>V\u00e1lassz term\u00e9szetes alapanyagokat vagy k\u00f6rnyezettudatos term\u00e9keket!<\/strong><\/p>\n<!-- \/wp:paragraph -->\n\n<!-- wp:heading {\"level\":3} -->\n<h3>Hogy ezeknek a l\u00e9p\u00e9seknek lesz-e b\u00e1rmilyen hat\u00e1sa, vagy sem, az csak azon m\u00falik, hogy te bele\u00e1llsz-e a dologba.&nbsp;<\/h3>\n<!-- \/wp:heading -->","_hu_post_name":"hello-there","_hu_post_excerpt":"Nemcsak a marketingkommunik\u00e1ci\u00f3 \u00e9rdekel, hanem a marketing \u00e9s a t\u00e1rsadalom komplex k\u00f6lcs\u00f6nhat\u00e1sainak felt\u00e1r\u00e1sa is: a v\u00e1ltoz\u00e1sok \u00e9s a val\u00f3s\u00e1g vizsg\u00e1lata, a cselekv\u0151 ember pszichol\u00f3gi\u00e1ja \u00e9s n\u00e9z\u0151pontja, az emberek v\u00e1gyai, t\u00f6rekv\u00e9sei, hovatartoz\u00e1sa, \u00e9letm\u00f3dja, \u00e9rt\u00e9krendje \u00e9s legbens\u0151bb \u00e9nje. Bejegyz\u00e9seimben ezeket a k\u00e9rd\u00e9seket, tematik\u00e1kat j\u00e1rom k\u00f6r\u00fcl. Tarts velem!","_hu_post_title":"Woody Allen megmondta: a siker fele az, hogy egy\u00e1ltal\u00e1n bele\u00e1llsz valamibe!","_en_post_content":"<!-- wp:paragraph -->\n<p>My true interest takes me beyond marketing communication: I also seek to understand the characteristics of our complex society. I like to examine how changes affect its interrelationships, and how we interpret reality.<\/p>\n<!-- \/wp:paragraph -->\n\n<!-- wp:paragraph -->\n<p>I have an interest in psychology: I am curious about what drives the different human points of view, people's aspirations, their idea of belonging, their lifestyles, their values, ultimately their inner workings.<\/p>\n<!-- \/wp:paragraph -->\n\n<!-- wp:paragraph -->\n<p>That these things feed into branding is only my luck. These are also the topics is that I will cover in my blog post.<\/p>\n<!-- \/wp:paragraph -->","_en_post_name":"","_en_post_excerpt":"","_en_post_title":"","edit_language":"en","footnotes":""},"categories":[1],"tags":[4,3],"class_list":["post-161","post","type-post","status-publish","format-standard","has-post-thumbnail","hentry","category-uncategorized","tag-siker","tag-woody-allen"],"yoast_head":"<!-- This site is optimized with the Yoast SEO plugin v16.2 - https:\/\/yoast.com\/wordpress\/plugins\/seo\/ -->\n<title>Woody Allen megmondta: a siker fele az, hogy egy\u00e1ltal\u00e1n bele\u00e1llsz valamibe! - Dickinson Consulting<\/title>\n<meta name=\"robots\" content=\"index, follow, max-snippet:-1, max-image-preview:large, max-video-preview:-1\" \/>\n<link rel=\"canonical\" href=\"https:\/\/www.dickinsonconsulting.hu\/2021\/05\/11\/hello-there\/\" \/>\n<meta property=\"og:locale\" content=\"en_GB\" \/>\n<meta property=\"og:type\" content=\"article\" \/>\n<meta property=\"og:title\" content=\"Woody Allen megmondta: a siker fele az, hogy egy\u00e1ltal\u00e1n bele\u00e1llsz valamibe! - Dickinson Consulting\" \/>\n<meta property=\"og:description\" content=\"Nemcsak a marketingkommunik\u00e1ci\u00f3 \u00e9rdekel, hanem a marketing \u00e9s a t\u00e1rsadalom komplex k\u00f6lcs\u00f6nhat\u00e1sainak felt\u00e1r\u00e1sa is: a v\u00e1ltoz\u00e1sok \u00e9s a val\u00f3s\u00e1g vizsg\u00e1lata, a cselekv\u0151 ember pszichol\u00f3gi\u00e1ja \u00e9s n\u00e9z\u0151pontja, az emberek v\u00e1gyai, t\u00f6rekv\u00e9sei, hovatartoz\u00e1sa, \u00e9letm\u00f3dja, \u00e9rt\u00e9krendje \u00e9s legbens\u0151bb \u00e9nje. Bejegyz\u00e9seimben ezeket a k\u00e9rd\u00e9seket, tematik\u00e1kat j\u00e1rom k\u00f6r\u00fcl. Tarts velem!\" \/>\n<meta property=\"og:url\" content=\"https:\/\/www.dickinsonconsulting.hu\/2021\/05\/11\/hello-there\/\" \/>\n<meta property=\"og:site_name\" content=\"Dickinson Consulting\" \/>\n<meta property=\"article:published_time\" content=\"2021-05-11T19:14:59+00:00\" \/>\n<meta property=\"article:modified_time\" content=\"2021-06-17T10:11:54+00:00\" \/>\n<meta property=\"og:image\" content=\"https:\/\/www.dickinsonconsulting.hu\/wp-content\/uploads\/2021\/05\/woody5.jpeg\" \/>\n\t<meta property=\"og:image:width\" content=\"1280\" \/>\n\t<meta property=\"og:image:height\" content=\"720\" \/>\n<meta name=\"twitter:card\" content=\"summary_large_image\" \/>\n<meta name=\"twitter:label1\" content=\"Estimated reading time\">\n\t<meta name=\"twitter:data1\" content=\"2 minutes\">\n<script type=\"application\/ld+json\" class=\"yoast-schema-graph\">{\"@context\":\"https:\/\/schema.org\",\"@graph\":[{\"@type\":\"WebSite\",\"@id\":\"https:\/\/www.dickinsonconsulting.hu\/#website\",\"url\":\"https:\/\/www.dickinsonconsulting.hu\/\",\"name\":\"Dickinson Consulting\",\"description\":\"My WordPress Blog\",\"potentialAction\":[{\"@type\":\"SearchAction\",\"target\":\"https:\/\/www.dickinsonconsulting.hu\/?s={search_term_string}\",\"query-input\":\"required name=search_term_string\"}],\"inLanguage\":\"en-GB\"},{\"@type\":\"ImageObject\",\"@id\":\"https:\/\/www.dickinsonconsulting.hu\/2021\/05\/11\/hello-there\/#primaryimage\",\"inLanguage\":\"en-GB\",\"url\":\"https:\/\/www.dickinsonconsulting.hu\/wp-content\/uploads\/2021\/05\/woody5.jpeg\",\"contentUrl\":\"https:\/\/www.dickinsonconsulting.hu\/wp-content\/uploads\/2021\/05\/woody5.jpeg\",\"width\":1280,\"height\":720},{\"@type\":\"WebPage\",\"@id\":\"https:\/\/www.dickinsonconsulting.hu\/2021\/05\/11\/hello-there\/#webpage\",\"url\":\"https:\/\/www.dickinsonconsulting.hu\/2021\/05\/11\/hello-there\/\",\"name\":\"Woody Allen megmondta: a siker fele az, hogy egy\\u00e1ltal\\u00e1n bele\\u00e1llsz valamibe! - Dickinson Consulting\",\"isPartOf\":{\"@id\":\"https:\/\/www.dickinsonconsulting.hu\/#website\"},\"primaryImageOfPage\":{\"@id\":\"https:\/\/www.dickinsonconsulting.hu\/2021\/05\/11\/hello-there\/#primaryimage\"},\"datePublished\":\"2021-05-11T19:14:59+00:00\",\"dateModified\":\"2021-06-17T10:11:54+00:00\",\"author\":{\"@id\":\"https:\/\/www.dickinsonconsulting.hu\/#\/schema\/person\/4ccf4f719e4c69be6420dc08846591c1\"},\"breadcrumb\":{\"@id\":\"https:\/\/www.dickinsonconsulting.hu\/2021\/05\/11\/hello-there\/#breadcrumb\"},\"inLanguage\":\"en-GB\",\"potentialAction\":[{\"@type\":\"ReadAction\",\"target\":[\"https:\/\/www.dickinsonconsulting.hu\/2021\/05\/11\/hello-there\/\"]}]},{\"@type\":\"BreadcrumbList\",\"@id\":\"https:\/\/www.dickinsonconsulting.hu\/2021\/05\/11\/hello-there\/#breadcrumb\",\"itemListElement\":[{\"@type\":\"ListItem\",\"position\":1,\"item\":{\"@type\":\"WebPage\",\"@id\":\"https:\/\/www.dickinsonconsulting.hu\/\",\"url\":\"https:\/\/www.dickinsonconsulting.hu\/\",\"name\":\"Home\"}},{\"@type\":\"ListItem\",\"position\":2,\"item\":{\"@id\":\"https:\/\/www.dickinsonconsulting.hu\/2021\/05\/11\/hello-there\/#webpage\"}}]},{\"@type\":\"Person\",\"@id\":\"https:\/\/www.dickinsonconsulting.hu\/#\/schema\/person\/4ccf4f719e4c69be6420dc08846591c1\",\"name\":\"admin\",\"sameAs\":[\"https:\/\/dickinsonconsulting.hu\"]}]}<\/script>\n<!-- \/ Yoast SEO plugin. -->","_links":{"self":[{"href":"https:\/\/www.dickinsonconsulting.hu\/en\/wp-json\/wp\/v2\/posts\/161","targetHints":{"allow":["GET"]}}],"collection":[{"href":"https:\/\/www.dickinsonconsulting.hu\/en\/wp-json\/wp\/v2\/posts"}],"about":[{"href":"https:\/\/www.dickinsonconsulting.hu\/en\/wp-json\/wp\/v2\/types\/post"}],"author":[{"embeddable":true,"href":"https:\/\/www.dickinsonconsulting.hu\/en\/wp-json\/wp\/v2\/users\/1"}],"replies":[{"embeddable":true,"href":"https:\/\/www.dickinsonconsulting.hu\/en\/wp-json\/wp\/v2\/comments?post=161"}],"version-history":[{"count":12,"href":"https:\/\/www.dickinsonconsulting.hu\/en\/wp-json\/wp\/v2\/posts\/161\/revisions"}],"predecessor-version":[{"id":431,"href":"https:\/\/www.dickinsonconsulting.hu\/en\/wp-json\/wp\/v2\/posts\/161\/revisions\/431"}],"wp:featuredmedia":[{"embeddable":true,"href":"https:\/\/www.dickinsonconsulting.hu\/en\/wp-json\/wp\/v2\/media\/418"}],"wp:attachment":[{"href":"https:\/\/www.dickinsonconsulting.hu\/en\/wp-json\/wp\/v2\/media?parent=161"}],"wp:term":[{"taxonomy":"category","embeddable":true,"href":"https:\/\/www.dickinsonconsulting.hu\/en\/wp-json\/wp\/v2\/categories?post=161"},{"taxonomy":"post_tag","embeddable":true,"href":"https:\/\/www.dickinsonconsulting.hu\/en\/wp-json\/wp\/v2\/tags?post=161"}],"curies":[{"name":"wp","href":"https:\/\/api.w.org\/{rel}","templated":true}]}}